{"id":834,"date":"2019-04-23T11:34:23","date_gmt":"2019-04-23T09:34:23","guid":{"rendered":"https:\/\/automobilklublodzki.pl\/sprint\/?p=834"},"modified":"2019-04-26T20:07:11","modified_gmt":"2019-04-26T18:07:11","slug":"1-runda-mol-super-sprint-2019-lista-zgloszen","status":"publish","type":"post","link":"https:\/\/automobilklublodzki.pl\/sprint\/1-runda-mol-super-sprint-2019-lista-zgloszen\/","title":{"rendered":"1 Runda MO\u0141 Super Sprint 2019 &#8211; Lista zg\u0142osze\u0144"},"content":{"rendered":"<p><!--more-->Zg\u0142oszenia op\u0142acone:<\/p>\n<table width=\"311\">\n<tbody>\n<tr>\n<td width=\"152\">Wasilewski Jacek<\/td>\n<td width=\"159\">Fiat CC<\/td>\n<\/tr>\n<tr>\n<td>Ko\u0142odziejek Kamil<\/td>\n<td>Fiat CC<\/td>\n<\/tr>\n<tr>\n<td>Bracki \u0141ukasz<\/td>\n<td>Fiat CC<\/td>\n<\/tr>\n<tr>\n<td>Schabowicz Hubert<\/td>\n<td>Fiat SC<\/td>\n<\/tr>\n<tr>\n<td>Peczka Micha\u0142<\/td>\n<td>Fiat CC<\/td>\n<\/tr>\n<tr>\n<td>Kubacki Pawe\u0142<\/td>\n<td>Nissan Micra<\/td>\n<\/tr>\n<tr>\n<td>Konarzewski \u0141ukasz<\/td>\n<td>Toyota Yaris<\/td>\n<\/tr>\n<tr>\n<td>Najda Damian<\/td>\n<td>Mitsubishi Colt<\/td>\n<\/tr>\n<tr>\n<td>Krawczyk Zbigniew<\/td>\n<td>Honda Civic<\/td>\n<\/tr>\n<tr>\n<td>Zamojski Tomasz<\/td>\n<td>BMW E30<\/td>\n<\/tr>\n<tr>\n<td>Gajowczyk Przemys\u0142aw<\/td>\n<td>Mitsubishi Lancer Evo IV<\/td>\n<\/tr>\n<tr>\n<td>Kowalski Bartosz<\/td>\n<td>Audi 80<\/td>\n<\/tr>\n<tr>\n<td>Chudobi\u0144ski Dariusz<\/td>\n<td>Mitsubishi Lancer Evo V<\/td>\n<\/tr>\n<tr>\n<td>Go\u0142\u0119biewski \u0141ukasz<\/td>\n<td>Honda Civic<\/td>\n<\/tr>\n<\/tbody>\n<\/table>\n<p>Zg\u0142oszenia nieop\u0142acone:<\/p>\n<table width=\"311\">\n<tbody>\n<tr>\n<td width=\"152\">Sp\u0142awski \u0141ukasz<\/td>\n<td width=\"159\">Daihatsu Charade<\/td>\n<\/tr>\n<tr>\n<td>Pastusiak Zbigniew<\/td>\n<td>Honda Civic<\/td>\n<\/tr>\n<tr>\n<td>Mak\u00f3wka Sebastian<\/td>\n<td>Peugeot 206<\/td>\n<\/tr>\n<tr>\n<td>Zar\u0119bski Rados\u0142aw<\/td>\n<td>Citroen Saxo<\/td>\n<\/tr>\n<tr>\n<td>Tomaszewski Damian<\/td>\n<td>Honda Civic<\/td>\n<\/tr>\n<tr>\n<td>Szmyt Sebastian<\/td>\n<td>Honda Civic<\/td>\n<\/tr>\n<tr>\n<td>Stojek Krzysztof<\/td>\n<td>Subaru Impreza<\/td>\n<\/tr>\n<tr>\n<td>Ga\u0142ka \u0141ukasz<\/td>\n<td>Seat Ibiza<\/td>\n<\/tr>\n<\/tbody>\n<\/table>\n","protected":false},"excerpt":{"rendered":"","protected":false},"author":1,"featured_media":832,"comment_status":"closed","ping_status":"open","sticky":false,"template":"","format":"standard","meta":{"footnotes":""},"categories":[16,9],"tags":[],"class_list":["post-834","post","type-post","status-publish","format-standard","has-post-thumbnail","hentry","category-16","category-news"],"_links":{"self":[{"href":"https:\/\/automobilklublodzki.pl\/sprint\/wp-json\/wp\/v2\/posts\/834","targetHints":{"allow":["GET"]}}],"collection":[{"href":"https:\/\/automobilklublodzki.pl\/sprint\/wp-json\/wp\/v2\/posts"}],"about":[{"href":"https:\/\/automobilklublodzki.pl\/sprint\/wp-json\/wp\/v2\/types\/post"}],"author":[{"embeddable":true,"href":"https:\/\/automobilklublodzki.pl\/sprint\/wp-json\/wp\/v2\/users\/1"}],"replies":[{"embeddable":true,"href":"https:\/\/automobilklublodzki.pl\/sprint\/wp-json\/wp\/v2\/comments?post=834"}],"version-history":[{"count":7,"href":"https:\/\/automobilklublodzki.pl\/sprint\/wp-json\/wp\/v2\/posts\/834\/revisions"}],"predecessor-version":[{"id":849,"href":"https:\/\/automobilklublodzki.pl\/sprint\/wp-json\/wp\/v2\/posts\/834\/revisions\/849"}],"wp:featuredmedia":[{"embeddable":true,"href":"https:\/\/automobilklublodzki.pl\/sprint\/wp-json\/wp\/v2\/media\/832"}],"wp:attachment":[{"href":"https:\/\/automobilklublodzki.pl\/sprint\/wp-json\/wp\/v2\/media?parent=834"}],"wp:term":[{"taxonomy":"category","embeddable":true,"href":"https:\/\/automobilklublodzki.pl\/sprint\/wp-json\/wp\/v2\/categories?post=834"},{"taxonomy":"post_tag","embeddable":true,"href":"https:\/\/automobilklublodzki.pl\/sprint\/wp-json\/wp\/v2\/tags?post=834"}],"curies":[{"name":"wp","href":"https:\/\/api.w.org\/{rel}","templated":true}]}}